{"id":6038,"date":"2026-03-10T09:48:32","date_gmt":"2026-03-10T11:48:32","guid":{"rendered":"https:\/\/agban.org.br\/web\/?p=6038"},"modified":"2026-03-10T09:48:32","modified_gmt":"2026-03-10T11:48:32","slug":"gerentes-da-rede-pampa-visitam-agban","status":"publish","type":"post","link":"https:\/\/agban.org.br\/web\/2026\/03\/10\/gerentes-da-rede-pampa-visitam-agban\/","title":{"rendered":"Gerentes da Rede Pampa visitam AGBAN"},"content":{"rendered":"\n<p>Gerentes da Rede Pampa de Comunica\u00e7\u00e3o visitaram a AGBAN na tarde desta segunda-feira (9). A Diretoria da AGBAN recebeu a visita do gerente Nilton Marcon da TV Pampa e do Gerente da R\u00e1dio Cai\u00e7ara, do Grupo Pampa de Comunica\u00e7\u00e3o. Na oportunidade, foi externada a situa\u00e7\u00e3o cr\u00edtica dos aposentados e pensionistas do Plano PB1 e entregue amplo material.<\/p>\n\n\n\n<p><br>Sensibilizados com as ser\u00edssimas dificuldades, comprometeram-se em encaminhar todo o material aos setores de reportagens do Jornal O Sul, da R\u00e1dio Pampa e da TV Pampa, importantes \u00f3rg\u00e3os da imprensa do nosso Estado.<\/p>\n","protected":false},"excerpt":{"rendered":"<p>Gerentes da Rede Pampa de Comunica\u00e7\u00e3o visitaram a AGBAN na tarde desta segunda-feira (9). A Diretoria da AGBAN recebeu a&#8230;<\/p>\n","protected":false},"author":5,"featured_media":6039,"comment_status":"closed","ping_status":"open","sticky":true,"template":"","format":"standard","meta":[],"categories":[6,226,119],"tags":[221],"_links":{"self":[{"href":"https:\/\/agban.org.br\/web\/wp-json\/wp\/v2\/posts\/6038"}],"collection":[{"href":"https:\/\/agban.org.br\/web\/wp-json\/wp\/v2\/posts"}],"about":[{"href":"https:\/\/agban.org.br\/web\/wp-json\/wp\/v2\/types\/post"}],"author":[{"embeddable":true,"href":"https:\/\/agban.org.br\/web\/wp-json\/wp\/v2\/users\/5"}],"replies":[{"embeddable":true,"href":"https:\/\/agban.org.br\/web\/wp-json\/wp\/v2\/comments?post=6038"}],"version-history":[{"count":1,"href":"https:\/\/agban.org.br\/web\/wp-json\/wp\/v2\/posts\/6038\/revisions"}],"predecessor-version":[{"id":6040,"href":"https:\/\/agban.org.br\/web\/wp-json\/wp\/v2\/posts\/6038\/revisions\/6040"}],"wp:featuredmedia":[{"embeddable":true,"href":"https:\/\/agban.org.br\/web\/wp-json\/wp\/v2\/media\/6039"}],"wp:attachment":[{"href":"https:\/\/agban.org.br\/web\/wp-json\/wp\/v2\/media?parent=6038"}],"wp:term":[{"taxonomy":"category","embeddable":true,"href":"https:\/\/agban.org.br\/web\/wp-json\/wp\/v2\/categories?post=6038"},{"taxonomy":"post_tag","embeddable":true,"href":"https:\/\/agban.org.br\/web\/wp-json\/wp\/v2\/tags?post=6038"}],"curies":[{"name":"wp","href":"https:\/\/api.w.org\/{rel}","templated":true}]}}